{"id":2744,"date":"2020-06-23T14:19:04","date_gmt":"2020-06-23T12:19:04","guid":{"rendered":"http:\/\/www.aerialdancestudio.pl\/?p=2744"},"modified":"2020-06-23T14:19:04","modified_gmt":"2020-06-23T12:19:04","slug":"zajecia-letnie-lipiec-sierpien-2020","status":"publish","type":"post","link":"http:\/\/www.aerialdancestudio.pl\/en\/zajecia-letnie-lipiec-sierpien-2020\/","title":{"rendered":"Zaj\u0119cia letnie &#8211; LIPIEC\/SIERPIE\u0143 2020"},"content":{"rendered":"<h3 style=\"text-align: center;\">Zapraszamy na letnie zaj\u0119cia w Aerial Dance Studio!<\/h3>\n<p style=\"text-align: center;\">Wakacje to czas na odpoczynek, dlatego my chcemy zaprosi\u0107 na troch\u0119 aktywno\u015bci w powietrzu!<\/p>\n<p style=\"text-align: center;\">Od 1 lipca ruszamy z zaj\u0119ciami, zapraszamy m\u0142odzie\u017c jak i doros\u0142ych!<\/p>\n<p style=\"text-align: center;\"><a class=\"button\" href=\"\/grafik\">grafik<\/a><\/p>\n<p style=\"text-align: center;\"><strong>ZAPISY TRWAJ\u0104!<\/strong><\/p>\n<p>&nbsp;<\/p>\n<h6><em>(klikaj\u0105c w obrazek, przenios\u0105 si\u0119 Pa\u0144stwo na stron\u0119 z aktualnym grafikiem)<\/em><\/h6>\n<p><a href=\"http:\/\/www.aerialdancestudio.pl\/grafik\/\"><img loading=\"lazy\" decoding=\"async\" class=\"img-responsive alignnone size-large wp-image-2749\" src=\"http:\/\/www.aerialdancestudio.pl\/wp-content\/uploads\/2020\/06\/grafik-1024x412.png\" alt=\"\" width=\"1024\" height=\"412\" srcset=\"http:\/\/www.aerialdancestudio.pl\/wp-content\/uploads\/2020\/06\/grafik-1024x412.png 1024w, http:\/\/www.aerialdancestudio.pl\/wp-content\/uploads\/2020\/06\/grafik-300x121.png 300w, http:\/\/www.aerialdancestudio.pl\/wp-content\/uploads\/2020\/06\/grafik-768x309.png 768w, http:\/\/www.aerialdancestudio.pl\/wp-content\/uploads\/2020\/06\/grafik.png 1605w\" sizes=\"auto, (max-width: 1024px) 100vw, 1024px\" \/><\/a><\/p>\n","protected":false},"excerpt":{"rendered":"<p>Zapraszamy na letnie zaj\u0119cia w Aerial Dance Studio! Wakacje to czas na odpoczynek, dlatego my chcemy zaprosi\u0107 na troch\u0119 aktywno\u015bci w powietrzu! Od 1 lipca ruszamy z zaj\u0119ciami, zapraszamy m\u0142odzie\u017c jak i doros\u0142ych! grafik ZAPISY TRWAJ\u0104! &nbsp; (klikaj\u0105c w obrazek, przenios\u0105 si\u0119 Pa\u0144stwo na stron\u0119 z aktualnym grafikiem)<\/p>\n","protected":false},"author":2,"featured_media":1082,"comment_status":"open","ping_status":"open","sticky":false,"template":"","format":"standard","meta":{"_acf_changed":false,"footnotes":""},"categories":[1],"tags":[],"class_list":["post-2744","post","type-post","status-publish","format-standard","has-post-thumbnail","hentry","category-bez-kategorii"],"translation":{"provider":"WPGlobus","version":"3.0.0","language":"en","enabled_languages":["pl","en"],"languages":{"pl":{"title":true,"content":true,"excerpt":false},"en":{"title":false,"content":false,"excerpt":false}}},"acf":[],"_links":{"self":[{"href":"http:\/\/www.aerialdancestudio.pl\/en\/wp-json\/wp\/v2\/posts\/2744","targetHints":{"allow":["GET"]}}],"collection":[{"href":"http:\/\/www.aerialdancestudio.pl\/en\/wp-json\/wp\/v2\/posts"}],"about":[{"href":"http:\/\/www.aerialdancestudio.pl\/en\/wp-json\/wp\/v2\/types\/post"}],"author":[{"embeddable":true,"href":"http:\/\/www.aerialdancestudio.pl\/en\/wp-json\/wp\/v2\/users\/2"}],"replies":[{"embeddable":true,"href":"http:\/\/www.aerialdancestudio.pl\/en\/wp-json\/wp\/v2\/comments?post=2744"}],"version-history":[{"count":5,"href":"http:\/\/www.aerialdancestudio.pl\/en\/wp-json\/wp\/v2\/posts\/2744\/revisions"}],"predecessor-version":[{"id":2753,"href":"http:\/\/www.aerialdancestudio.pl\/en\/wp-json\/wp\/v2\/posts\/2744\/revisions\/2753"}],"wp:featuredmedia":[{"embeddable":true,"href":"http:\/\/www.aerialdancestudio.pl\/en\/wp-json\/wp\/v2\/media\/1082"}],"wp:attachment":[{"href":"http:\/\/www.aerialdancestudio.pl\/en\/wp-json\/wp\/v2\/media?parent=2744"}],"wp:term":[{"taxonomy":"category","embeddable":true,"href":"http:\/\/www.aerialdancestudio.pl\/en\/wp-json\/wp\/v2\/categories?post=2744"},{"taxonomy":"post_tag","embeddable":true,"href":"http:\/\/www.aerialdancestudio.pl\/en\/wp-json\/wp\/v2\/tags?post=2744"}],"curies":[{"name":"wp","href":"https:\/\/api.w.org\/{rel}","templated":true}]}}