{"id":1763,"date":"2018-12-21T18:02:12","date_gmt":"2018-12-21T17:02:12","guid":{"rendered":"http:\/\/www.aerialdancestudio.pl\/?p=1763"},"modified":"2018-12-21T18:10:02","modified_gmt":"2018-12-21T17:10:02","slug":"swiateczny-plan-zajec","status":"publish","type":"post","link":"http:\/\/www.aerialdancestudio.pl\/en\/swiateczny-plan-zajec\/","title":{"rendered":"\u015awi\u0105teczny plan zaj\u0119\u0107 !"},"content":{"rendered":"<p>Z okazji \u015awi\u0105t Bo\u017cego Narodzenia chcieliby\u015bmy \u017cyczy\u0107 wam spokoju ducha, ciep\u0142a i magii na co dzie\u0144. Mamy nadziej\u0119, \u017ce rado\u015b\u0107 najbli\u017cszych dni b\u0119dzie was unosi\u0107 w powietrzu, gdzie b\u0119dziecie mogli ta\u0144czy\u0107, nawet bez pomocy szarf, k\u00f3\u0142, czy trapez\u00f3w. Weso\u0142ych \u015awi\u0105t!!!?\u263a\ufe0f\u2744\ufe0f??\u2728 <\/p>\n<p>Jednocze\u015bnie za\u0142\u0105czamy \u015bwi\u0105teczny &#8220;rozk\u0142ad jazdy&#8221; ADS:<br \/>\n22.12. &#8211; zaj\u0119cia na ul.Olbrachta odbywaj\u0105 si\u0119 bez zmian <\/p>\n<p>23.12 &#8211; zaj\u0119cia na ul.Zwyci\u0119zc\u00f3w :<\/p>\n<p>grupa o g.11.00 zaj\u0119cia bez zmian<br \/>\ngrupa o g.12.15 zaj\u0119cia bez zmian<\/p>\n<p><strong>!!! uczestnik\u00f3w zaj\u0119\u0107 o g.13.30 zapraszamy na g.11.00 !!!<\/strong><\/p>\n<p>grupa o g.17.15 bez zmian<\/p>\n<p><strong>!!! uczestnik\u00f3w zaj\u0119\u0107 o g.18.30 zapraszamy na g.17.15 !!!<\/strong><\/p>\n<p><strong>UWAGA! grupa o g.19.45 NIE MA ZAJ\u0118\u0106!<\/strong><\/p>\n<p>Po \u015bwi\u0119tach, zapraszamy :<br \/>\n28.12. zaj\u0119cia na ul.Zwyci\u0119zc\u00f3w odbywaj\u0105 si\u0119 bez zmian<br \/>\n29.12. zaj\u0119cia na ul.Olbrachta odbywaj\u0105 si\u0119 bez zmian<\/p>\n<p>30.12 &#8211; zaj\u0119cia na ul.Zwyci\u0119zc\u00f3w:<\/p>\n<p>grupa o g.11.00 bez zmian<br \/>\ngrupa o g.12.15 bez zmian<br \/>\ngrupa o g.13.30 bez zmian<\/p>\n<p>grupa o g.17.15 bez zmian<\/p>\n<p><strong>!!! uczestnik\u00f3w zaj\u0119\u0107 o g.18.30 zapraszamy na g.17.15 !!!<\/strong><\/p>\n<p><strong>!!! uczestnik\u00f3w zaj\u0119\u0107 o g.19.45 zapraszamy na g.18.30 !!!<\/strong><\/p>\n<p>To ostatnie zaj\u0119cia w starym roku !<\/p>\n<p>W nowym roku czekamy na was 02.01.2019 we \u015brod\u0119, zaj\u0119cia zgodnie z dotychczasowym grafikiem!<br \/>\n\tDo zobaczenia! \ud83d\ude42<\/p>\n","protected":false},"excerpt":{"rendered":"<p>Z okazji \u015awi\u0105t Bo\u017cego Narodzenia chcieliby\u015bmy \u017cyczy\u0107 wam spokoju ducha, ciep\u0142a i magii na co dzie\u0144. Mamy nadziej\u0119, \u017ce rado\u015b\u0107 najbli\u017cszych dni b\u0119dzie was unosi\u0107 w powietrzu, gdzie b\u0119dziecie mogli ta\u0144czy\u0107, nawet bez pomocy szarf, k\u00f3\u0142, czy trapez\u00f3w. Weso\u0142ych \u015awi\u0105t!!!?\u263a\ufe0f\u2744\ufe0f??\u2728 Jednocze\u015bnie za\u0142\u0105czamy \u015bwi\u0105teczny &#8220;rozk\u0142ad jazdy&#8221; ADS: 22.12. &#8211; zaj\u0119cia na ul.Olbrachta odbywaj\u0105 si\u0119 bez zmian&#8230;<\/p>\n","protected":false},"author":2,"featured_media":1764,"comment_status":"open","ping_status":"open","sticky":false,"template":"","format":"standard","meta":{"_acf_changed":false,"footnotes":""},"categories":[1],"tags":[],"class_list":["post-1763","post","type-post","status-publish","format-standard","has-post-thumbnail","hentry","category-bez-kategorii"],"translation":{"provider":"WPGlobus","version":"3.0.0","language":"en","enabled_languages":["pl","en"],"languages":{"pl":{"title":true,"content":true,"excerpt":false},"en":{"title":false,"content":false,"excerpt":false}}},"acf":[],"_links":{"self":[{"href":"http:\/\/www.aerialdancestudio.pl\/en\/wp-json\/wp\/v2\/posts\/1763","targetHints":{"allow":["GET"]}}],"collection":[{"href":"http:\/\/www.aerialdancestudio.pl\/en\/wp-json\/wp\/v2\/posts"}],"about":[{"href":"http:\/\/www.aerialdancestudio.pl\/en\/wp-json\/wp\/v2\/types\/post"}],"author":[{"embeddable":true,"href":"http:\/\/www.aerialdancestudio.pl\/en\/wp-json\/wp\/v2\/users\/2"}],"replies":[{"embeddable":true,"href":"http:\/\/www.aerialdancestudio.pl\/en\/wp-json\/wp\/v2\/comments?post=1763"}],"version-history":[{"count":20,"href":"http:\/\/www.aerialdancestudio.pl\/en\/wp-json\/wp\/v2\/posts\/1763\/revisions"}],"predecessor-version":[{"id":1896,"href":"http:\/\/www.aerialdancestudio.pl\/en\/wp-json\/wp\/v2\/posts\/1763\/revisions\/1896"}],"wp:featuredmedia":[{"embeddable":true,"href":"http:\/\/www.aerialdancestudio.pl\/en\/wp-json\/wp\/v2\/media\/1764"}],"wp:attachment":[{"href":"http:\/\/www.aerialdancestudio.pl\/en\/wp-json\/wp\/v2\/media?parent=1763"}],"wp:term":[{"taxonomy":"category","embeddable":true,"href":"http:\/\/www.aerialdancestudio.pl\/en\/wp-json\/wp\/v2\/categories?post=1763"},{"taxonomy":"post_tag","embeddable":true,"href":"http:\/\/www.aerialdancestudio.pl\/en\/wp-json\/wp\/v2\/tags?post=1763"}],"curies":[{"name":"wp","href":"https:\/\/api.w.org\/{rel}","templated":true}]}}